{"provider_url": "https://www.cachoeiradosul.rs.leg.br", "title": "Nota de esclarecimento", "html": "<div class=\"kvgmc6g5 cxmmr5t8 oygrvhab hcukyx3x c1et5uql ii04i59q\">\r\n<div dir=\"auto\"><span>Em resposta a not\u00edcia veiculada em 02 de junho, pelo Jornal do Povo, na p\u00e1gina 03, a C\u00e2mara de Vereadores esclarece que vem atuando desde o dia 14 de janeiro deste ano, quando por meio do memorando n\u00ba 011/2022, da Presid\u00eancia, iniciaram-se os procedimentos administrativos no Legislativo para aquisi\u00e7\u00e3o, instala\u00e7\u00e3o e descerramento da placa indicativa de homenagem de reconhecimento ao Sr. Cl\u00e1udio S\u00e9rgio Vidal Petrucci.</span></div>\r\n</div>\r\n<div class=\"cxmmr5t8 oygrvhab hcukyx3x c1et5uql o9v6fnle ii04i59q\">\r\n<div dir=\"auto\"></div>\r\n<div dir=\"auto\">Cabe informar que a realiza\u00e7\u00e3o do ato pela C\u00e2mara de Vereadores obedece ao disposto na Lei Municipal n\u00ba 4.711, que nomina a r\u00f3tula das 5 esquinas, em especial o par\u00e1grafo \u00fanico do art. 3\u00ba, segundo o qual compete a C\u00e2mara de Vereadores, arcar com as despesas necess\u00e1rias para realizar a homenagem ao ex-vereador e ex-presidente desta Casa. O projeto de lei que originou a Lei 4.711 \u00e9 de autoria do vereador Nelson Azevedo.</div>\r\n</div>\r\n<div class=\"cxmmr5t8 oygrvhab hcukyx3x c1et5uql o9v6fnle ii04i59q\">\r\n<div dir=\"auto\"></div>\r\n<div dir=\"auto\">A C\u00e2mara de Vereadores vem providenciando desde ent\u00e3o, os atos necess\u00e1rios para a materializa\u00e7\u00e3o da referida homenagem. Em sintonia com a esposa e familiares, definiram-se os detalhes da homenagem e o modelo da constru\u00e7\u00e3o do totem. A C\u00e2mara elaborou o projeto arquitet\u00f4nico, providenciou toda a documenta\u00e7\u00e3o necess\u00e1ria e contratou as empresas para construir o marco representativo da homenagem.</div>\r\n</div>\r\n<div class=\"cxmmr5t8 oygrvhab hcukyx3x c1et5uql o9v6fnle ii04i59q\">\r\n<div dir=\"auto\"></div>\r\n<div dir=\"auto\">Na oportunidade do esclarecimento, convidamos a comunidade cachoeirense para prestigiar o descerramento da placa indicativa de homenagem de reconhecimento ao Sr. Cl\u00e1udio S\u00e9rgio Vidal Petrucci, no dia 17 de junho do corrente ano, \u00e0s 15 horas, data definida juntamente com os familiares do homenageado.</div>\r\n</div>", "author_name": "", "version": "1.0", "author_url": "https://www.cachoeiradosul.rs.leg.br/author/william", "provider_name": "C\u00e2mara de Vereadores de Cachoeira do Sul", "type": "rich"}