{"provider_url": "https://www.cachoeiradosul.rs.leg.br", "title": "C\u00e2mara ter\u00e1 turno \u00fanico a partir de segunda-feira (03/01/2022)", "html": "<p><span>A partir da pr\u00f3xima segunda-feira, 3, at\u00e9 15 de fevereiro, a C\u00e2mara de Vereadores de Cachoeira do Sul ter\u00e1 expediente de turno \u00fanico, das 7h30min \u00e0s 13h30min, devido ao recesso parlamentar. Para a decis\u00e3o, a mesa diretora do Legislativo levou em conta tamb\u00e9m os pedidos de f\u00e9rias dos servidores e a economia de energia el\u00e9trica, \u00e1gua e telefonia, somados \u00e0 n\u00e3o ocorr\u00eancia de sess\u00f5es plen\u00e1rias ordin\u00e1rias no per\u00edodo.</span></p>", "author_name": "Interlegis", "version": "1.0", "author_url": "https://www.cachoeiradosul.rs.leg.br/author/Interlegis", "provider_name": "C\u00e2mara de Vereadores de Cachoeira do Sul", "type": "rich"}