{"provider_url": "https://www.cachoeiradosul.rs.leg.br", "title": "Nota de esclarecimento", "html": "<p>10/11/2023\u00a0</p>\r\n<p>O Poder Legislativo informa que, ao contr\u00e1rio do que foi noticiado na edi\u00e7\u00e3o de 9 de novembro do Jornal do Povo, a C\u00e2mara de Vereadores respondeu em 26 de setembro, \u00e0s 14h58, o of\u00edcio 123/2023 do Subprocurador-Geral de Justi\u00e7a para Assuntos Jur\u00eddicos (SUBJUR), que questionou sobre as leis de cria\u00e7\u00e3o da Superintend\u00eancia da Defesa Civil e de reenquadramento salarial dos agentes de tr\u00e2nsito.\u00a0</p>\r\n<p>O documento com as respostas foi o of\u00edcio 499/2023, que cont\u00e9m as certid\u00f5es de vig\u00eancia das leis e a documenta\u00e7\u00e3o que integra o processo legislativo de ambas as leis. A reportagem intitulada \u201cAdin da Defesa Civil em an\u00e1lise na PG de Justi\u00e7a\u201d noticia erroneamente que o Legislativo Municipal n\u00e3o havia respondido ao Minist\u00e9rio P\u00fablico.\u00a0</p>\r\n<p>Magaiver Borba Dias Soares<br /> Presidente da C\u00e2mara Municipal de Vereadores de Cachoeira do Sul</p>", "author_name": "", "version": "1.0", "author_url": "https://www.cachoeiradosul.rs.leg.br/author/matheuspessel", "provider_name": "C\u00e2mara de Vereadores de Cachoeira do Sul", "type": "rich"}