{"provider_url": "https://www.cachoeiradosul.rs.leg.br", "title": "CPI da Sa\u00fade far\u00e1 novas oitivas", "html": "<p>19/06/2024</p>\r\n<p>Na ter\u00e7a-feira, 18, os vereadores que participam da Comiss\u00e3o Parlamentar de Inqu\u00e9rito (CPI) que investiga den\u00fancias de irregularidades na pasta da Sa\u00fade realizaram reuni\u00e3o e deliberaram convidar a prefeita Angela Schuh e convocar para serem ouvidas novas testemunhas, reinquirir uma servidora que j\u00e1 prestou depoimento e requerer documentos.</p>\r\n<p>Ser\u00e3o feitas as seguintes oitivas:</p>\r\n<p><b>Ter\u00e7a-feira, 25<br /> </b>1) Elis\u00e2ngela da Luz (servidora municipal), \u00e0s 9h. Elis\u00e2ngela j\u00e1 havia sido convocada para depor, mas n\u00e3o compareceu devido a quest\u00f5es pessoais;</p>\r\n<p><b>Quarta-feira, 26<br /> </b>2) An\u00edbal Machado (Presidente do Conselho Municipal da Sa\u00fade), \u00e0s 9h;</p>\r\n<p>3) Armando Mayerhofer (presidente do Cons\u00f3rcio Intermunicipal de Sa\u00fade Vale do Jacu\u00ed), 10h \u2013 presencial ou por v\u00eddeoconfer\u00eancia;</p>\r\n<p>4) Ros\u00e2ngela Vargas (servidora municipal), \u00e0s 14h;</p>\r\n<p>5) \u00c2ngela Schuh, prefeita municipal, \u00e0s 15h \u2013 facultando a possibilidade de responder \u00e0s perguntas por escrito;</p>\r\n<p>6) D\u00e9bora Dickel (respons\u00e1vel pela auditoria da prefeitura), \u00e0s 16h, a t\u00edtulo de reinquiri\u00e7\u00e3o.</p>\r\n<p><b>Documentos<br /> </b>Os vereadores requereram ainda os seguintes documentos: a c\u00f3pia integral de todos os contratos do cons\u00f3rcio referentes aos profissionais prestadores de servi\u00e7os de Cachoeira do Sul firmados desde o ano de 2021; C\u00f3pias atualizadas da comiss\u00e3o de processos administrativos disciplinares (PADs) e sindic\u00e2ncias instaurados em rela\u00e7\u00e3o \u00e0s servidoras investigadas; \u00e0 Assessoria Jur\u00eddica da C\u00e2mara de Vereadores que busque no Poder Judici\u00e1rio, se houver, qualquer processo judicial movido pelos investigados contra o Executivo Municipal ou contra a prefeita.</p>", "author_name": "", "version": "1.0", "author_url": "https://www.cachoeiradosul.rs.leg.br/author/matheuspessel", "provider_name": "C\u00e2mara de Vereadores de Cachoeira do Sul", "type": "rich"}