{"provider_url": "https://www.cachoeiradosul.rs.leg.br", "title": "Sess\u00f5es da C\u00e2mara ser\u00e3o na UAB", "html": "<div style=\"text-align: justify; \">As pr\u00f3ximas sess\u00f5es plen\u00e1rias da C\u00e2mara de Vereadores ser\u00e3o realizadas na sala 02 do Polo da UAB (Universidade Aberta do Brasil) em Cachoeira do Sul. O pr\u00e9dio est\u00e1 localizado na Rua J\u00falio de Castilhos n\u00ba 342 e foi cedido pelo Executivo, por meio do Of\u00edcio n\u00ba 632/2019-Gab.</div>\r\n<div style=\"text-align: justify; \">\u00a0</div>\r\n<div style=\"text-align: justify; \">A decis\u00e3o foi tomada nesta quinta-feira (19), ap\u00f3s vistoria do local pelo presidente da C\u00e2mara, vereador Carlos Alberto (PP), e pelo Diretor da Casa, Roger Zahn. A sala acomoda cerca de 80 pessoas. \u201c\u00c9 um local espa\u00e7oso, com acessibilidade e no centro da cidade\u201d, resumiu Carlos Alberto.</div>\r\n<div style=\"text-align: justify; \">\u00a0</div>\r\n<div style=\"text-align: justify; \"><strong>Mais</strong></div>\r\n<div style=\"text-align: justify; \">\u00a0</div>\r\n<div style=\"text-align: justify; \">As sess\u00f5es est\u00e3o sendo realizadas fora do Pal\u00e1cio Legislativo em raz\u00e3o da interdi\u00e7\u00e3o do Plen\u00e1rio pela queda parcial do reboco do teto, ocorrida no dia 09 de setembro. As sess\u00f5es ordin\u00e1rias da C\u00e2mara s\u00e3o realizadas \u00e0s segundas-feiras, a partir das 14 horas.</div>", "author_name": "", "version": "1.0", "author_url": "https://www.cachoeiradosul.rs.leg.br/author/Jeferson", "provider_name": "C\u00e2mara de Vereadores de Cachoeira do Sul", "type": "rich"}