{"provider_url": "https://www.cachoeiradosul.rs.leg.br", "title": "C\u00e2mara reinicia Ano Legislativo.", "html": "<div>A partir da pr\u00f3xima segunda-feira (19), as C\u00e2mara Municipal retoma as atividades.</div>\r\n<div>\u00a0</div>\r\n<div>O expediente voltar\u00e1 ser das 8h30 \u00e0s 11h45, e das 13h30 \u00e0s 17h30. As Sess\u00f5es Ordin\u00e1rias continuar\u00e3o ocorrendo todas as segundas-feiras \u00e0 tarde, a partir das 14h.</div>\r\n<div>\u00a0</div>\r\n<div>Devido \u00e0s obras no pr\u00e9dio da C\u00e2mara, o acesso \u00e0s sess\u00f5es ser\u00e1 pela porta lateral.</div>\r\n<div>\u00a0</div>\r\n<div>Toda a comunidade est\u00e1 convidada a prestigiar!</div>", "author_name": "", "version": "1.0", "author_url": "https://www.cachoeiradosul.rs.leg.br/author/Victor", "provider_name": "C\u00e2mara de Vereadores de Cachoeira do Sul", "type": "rich"}