{"provider_url": "https://www.cachoeiradosul.rs.leg.br", "title": "T\u00edtulos de Honor\u00edficos", "html": "<h3>Honra ao M\u00e9rito</h3>\r\n<p><em><span class=\"discreet\">Lei N\u00ba 1736.06-05-77: Regula Concess\u00e3o de T\u00edtulos</span></em></p>\r\n<table class=\"plain\">\r\n<tbody>\r\n<tr><th>N\u00ba</th><th>N\u00famero Dec. Leg.</th><th>Data</th><th>Agraciado</th></tr>\r\n<tr>\r\n<td>1</td>\r\n<td>6</td>\r\n<td>23.09.97</td>\r\n<td>\r\n<ul>\r\n<li>Othilia Bergmann (Honra ao M\u00e9rito)</li>\r\n<li>M\u00f4nica Elizabetha Worf</li>\r\n<li>Maria Dirte da Silva</li>\r\n<li>Emma Imelda Steffens</li>\r\n</ul>\r\n</td>\r\n</tr>\r\n<tr>\r\n<td>2</td>\r\n<td>6\u00a0</td>\r\n<td>23.11.98</td>\r\n<td>Ito Elmo Zimmer</td>\r\n</tr>\r\n<tr>\r\n<td>3</td>\r\n<td>001/2005</td>\r\n<td>25.01.05</td>\r\n<td>Ten. Coronel Ivo Mikilita Filho</td>\r\n</tr>\r\n</tbody>\r\n</table>\r\n<p>\u00a0\u00a0\u00a0</p>\r\n<h3>Cidad\u00e3o Benem\u00e9rito\u00a0</h3>\r\n<p><em><span class=\"discreet\">Lei N\u00ba 1736.06-05-77: Regula Concess\u00e3o de T\u00edtulos</span></em></p>\r\n<table class=\"plain\">\r\n<tbody>\r\n<tr><th><strong>N\u00b0</strong></th><th><strong>N\u00famero Dec. Leg.</strong></th><th>Data\u00a0</th><th>Agraciado</th></tr>\r\n<tr>\r\n<td>1</td>\r\n<td>4</td>\r\n<td>02.06.92\u00a0</td>\r\n<td>Achyles Figueiredo</td>\r\n</tr>\r\n<tr>\r\n<td>2</td>\r\n<td>001/2003\u00a0</td>\r\n<td>18.08.03\u00a0</td>\r\n<td>\r\n<ul>\r\n<li>Alexandre Eggers Garcia</li>\r\n<li>Carlos dos Santos Dorneles</li>\r\n<li>R\u00e9gis R\u00f6sing\u00a0</li>\r\n</ul>\r\n</td>\r\n</tr>\r\n<tr>\r\n<td>3</td>\r\n<td>002/2003</td>\r\n<td>14.11.03</td>\r\n<td>Ilmo Ivo Pf\u00fcller\u00a0</td>\r\n</tr>\r\n<tr>\r\n<td>4</td>\r\n<td>007/2005\u00a0</td>\r\n<td>09.11.05</td>\r\n<td>\u00a0\u00c9dison Luis Salom\u00e3o\u00a0</td>\r\n</tr>\r\n<tr>\r\n<td>5</td>\r\n<td>001/2006</td>\r\n<td>14.03.06</td>\r\n<td>Hil\u00e1rio Flori Jaeger</td>\r\n</tr>\r\n<tr>\r\n<td>6</td>\r\n<td>007/2007\u00a0</td>\r\n<td>24.07.07\u00a0</td>\r\n<td>Cel. Art. Ricardo Hampel Vicente</td>\r\n</tr>\r\n<tr>\r\n<td>7</td>\r\n<td>007/2008</td>\r\n<td>11.06.2008</td>\r\n<td>Caio Tib\u00e9rio Dornelles\u00a0</td>\r\n</tr>\r\n<tr>\r\n<td>8</td>\r\n<td>008/2008</td>\r\n<td>11.06.2008</td>\r\n<td>Wily Hass Filho</td>\r\n</tr>\r\n<tr>\r\n<td>9</td>\r\n<td>009/2008</td>\r\n<td>11.06.2008</td>\r\n<td>Dr. Fritz Strohschoen</td>\r\n</tr>\r\n<tr>\r\n<td>10</td>\r\n<td>003/2009\u00a0</td>\r\n<td>28.07.09</td>\r\n<td>\u00a0Marco Ant\u00f4nio Guidugli\u00a0</td>\r\n</tr>\r\n<tr>\r\n<td>11</td>\r\n<td>004/2009\u00a0</td>\r\n<td>28.07.09</td>\r\n<td>\u00a0Luiz Fernando Chulipa M\u00f6ller\u00a0</td>\r\n</tr>\r\n<tr>\r\n<td>12</td>\r\n<td>005/2009</td>\r\n<td>\u00a028.07.09\u00a0</td>\r\n<td>\u00a0\u00cdtalo Fortes Avena\u00a0</td>\r\n</tr>\r\n<tr>\r\n<td>13</td>\r\n<td>006/2009</td>\r\n<td>\u00a028.07.09\u00a0</td>\r\n<td>Ani Maria Frey\u00a0</td>\r\n</tr>\r\n<tr>\r\n<td>14</td>\r\n<td>001/2010\u00a0</td>\r\n<td>01.06.10\u00a0</td>\r\n<td>Nelson Costa Schirmer\u00a0</td>\r\n</tr>\r\n<tr>\r\n<td>15</td>\r\n<td>002/2010\u00a0</td>\r\n<td>01.06.10</td>\r\n<td>\u00a0Cl\u00e1udio S\u00e9rgio Vidal Petrucci\u00a0</td>\r\n</tr>\r\n<tr>\r\n<td>16</td>\r\n<td>006/2010\u00a0</td>\r\n<td>15.10.10\u00a0</td>\r\n<td>Arth\u00eamio Maximiliano de Franceschi</td>\r\n</tr>\r\n<tr>\r\n<td>17</td>\r\n<td>004/2011\u00a0</td>\r\n<td>10.11.11\u00a0</td>\r\n<td>Luiz da Gama M\u00f4r\u00a0</td>\r\n</tr>\r\n<tr>\r\n<td>18</td>\r\n<td>005/2011\u00a0</td>\r\n<td>10.11.11\u00a0</td>\r\n<td>Julio Carlos Massirer</td>\r\n</tr>\r\n<tr>\r\n<td>19</td>\r\n<td>006/2011\u00a0</td>\r\n<td>21.11.11\u00a0</td>\r\n<td>Jorge luiz Rocha Bueno</td>\r\n</tr>\r\n<tr>\r\n<td>20</td>\r\n<td>002/2014\u00a0</td>\r\n<td>24.03.14\u00a0</td>\r\n<td>\r\n<p>Carlos Idelfonso C. M. Di\u00e1cono Carlinhos</p>\r\n</td>\r\n</tr>\r\n<tr>\r\n<td>21</td>\r\n<td>004/2016\u00a0</td>\r\n<td>26.04.16\u00a0</td>\r\n<td>\r\n<p>Samuel de Aguiar Soares</p>\r\n</td>\r\n</tr>\r\n</tbody>\r\n</table>\r\n<p><em><span class=\"discreet\"><br /></span></em></p>\r\n<h3>Cidad\u00e3o Cachoeirense</h3>\r\n<p><em><span class=\"discreet\">Lei N\u00ba 1736.06-05-77: Regula Concess\u00e3o de T\u00edtulos</span></em></p>\r\n<table class=\"plain\">\r\n<tbody>\r\n<tr><th>N\u00ba</th><th>Lei N\u00famero</th><th>Data</th><th>Agraciado</th></tr>\r\n<tr>\r\n<td>1</td>\r\n<td>727\u00a0</td>\r\n<td>31.12.58\u00a0</td>\r\n<td>Eng\u00ba. Pedro Viriato P. de Souza\u00a0</td>\r\n</tr>\r\n<tr>\r\n<td>2</td>\r\n<td>778\u00a0</td>\r\n<td>18.09.59\u00a0</td>\r\n<td>Jo\u00e3o C\u00e2ndido\u00a0</td>\r\n</tr>\r\n<tr>\r\n<td>3</td>\r\n<td>843\u00a0</td>\r\n<td>03.06.60\u00a0</td>\r\n<td>Irm\u00e3o Gilberto\u00a0</td>\r\n</tr>\r\n<tr>\r\n<td>4</td>\r\n<td>899\u00a0</td>\r\n<td>08.11.61</td>\r\n<td>\u00a0Prof\u00aa. Am\u00e1lia Geisel\u00a0</td>\r\n</tr>\r\n<tr>\r\n<td>5</td>\r\n<td>900\u00a0</td>\r\n<td>08.11.61\u00a0</td>\r\n<td>Pe. Isidoro Caldeira Valle\u00a0</td>\r\n</tr>\r\n<tr>\r\n<td>6</td>\r\n<td>901\u00a0</td>\r\n<td>08.11.61\u00a0</td>\r\n<td>\r\n<ul>\r\n<li>Leonel de Moura Brizola</li>\r\n<li>Gen. Jos\u00e9 Machado Lopes</li>\r\n<li>Cel. Boris Biominsky\u00a0</li>\r\n</ul>\r\n</td>\r\n</tr>\r\n<tr>\r\n<td>7</td>\r\n<td>902\u00a0</td>\r\n<td>08.11.61\u00a0</td>\r\n<td>Mons. Floriano P. Cordenunsi\u00a0</td>\r\n</tr>\r\n<tr>\r\n<td>8</td>\r\n<td>1578\u00a0</td>\r\n<td>09.06.71\u00a0</td>\r\n<td>Gal. Lyra Tavares\u00a0</td>\r\n</tr>\r\n<tr>\r\n<td>9</td>\r\n<td>1581\u00a0</td>\r\n<td>14.11.72\u00a0</td>\r\n<td>Dr. Honorato de Souza Santos\u00a0</td>\r\n</tr>\r\n<tr>\r\n<td>10</td>\r\n<td>1591\u00a0</td>\r\n<td>21.12.72\u00a0</td>\r\n<td>Dr. Edyr Lima\u00a0</td>\r\n</tr>\r\n<tr>\r\n<td>11</td>\r\n<td>1612\u00a0</td>\r\n<td>12.06.73</td>\r\n<td>\u00a0Leopoldo Rangel\u00a0</td>\r\n</tr>\r\n<tr>\r\n<td>12</td>\r\n<td>1622\u00a0</td>\r\n<td>30.08.73\u00a0</td>\r\n<td>Taufik Badui Germano\u00a0</td>\r\n</tr>\r\n<tr>\r\n<td>13</td>\r\n<td>1629\u00a0</td>\r\n<td>31.10.73\u00a0</td>\r\n<td>Gal. Emilio Garrastazu M\u00e9dici\u00a0</td>\r\n</tr>\r\n<tr>\r\n<td>14</td>\r\n<td>1653\u00a0</td>\r\n<td>16.05.74\u00a0</td>\r\n<td>Bruno Reinaldo Kipper\u00a0</td>\r\n</tr>\r\n<tr>\r\n<td>15</td>\r\n<td>1654\u00a0</td>\r\n<td>16.05.74</td>\r\n<td>\u00a0Dr. J\u00falio Cezar M. Caspani</td>\r\n</tr>\r\n<tr>\r\n<td>16</td>\r\n<td>1655\u00a0</td>\r\n<td>16.05.74\u00a0</td>\r\n<td>Ten. Coronel Virg\u00edlio da Veiga\u00a0</td>\r\n</tr>\r\n<tr>\r\n<td>17</td>\r\n<td>1658\u00a0</td>\r\n<td>28.05.74\u00a0</td>\r\n<td>Eluiza de Bem Vidal\u00a0</td>\r\n</tr>\r\n<tr>\r\n<td>18</td>\r\n<td>1663\u00a0</td>\r\n<td>19.09.74\u00a0</td>\r\n<td>Ten. Coronel Erni Ivo Ritzel\u00a0</td>\r\n</tr>\r\n<tr>\r\n<td>19</td>\r\n<td>1696\u00a0</td>\r\n<td>19.10.75</td>\r\n<td>\u00a0Edwino Schneider\u00a0</td>\r\n</tr>\r\n<tr>\r\n<td>20</td>\r\n<td>4\u00a0</td>\r\n<td>22.05.95</td>\r\n<td>Newton Luiz Sesti\u00a0</td>\r\n</tr>\r\n<tr>\r\n<td>21</td>\r\n<td>5</td>\r\n<td>22.05.95</td>\r\n<td>Acido Witek\u00a0</td>\r\n</tr>\r\n<tr>\r\n<td>22</td>\r\n<td>6\u00a0</td>\r\n<td>22.07.95</td>\r\n<td>Pedro Affonso Gregori</td>\r\n</tr>\r\n<tr>\r\n<td>23</td>\r\n<td>7</td>\r\n<td>20.07.95\u00a0</td>\r\n<td>Argeu Fontoura Filho\u00a0</td>\r\n</tr>\r\n<tr>\r\n<td>24</td>\r\n<td>1\u00a0</td>\r\n<td>25.11.96</td>\r\n<td>Lino Jos\u00e9 Anversa\u00a0</td>\r\n</tr>\r\n<tr>\r\n<td>25</td>\r\n<td>3\u00a0</td>\r\n<td>25.11.96\u00a0</td>\r\n<td>Jos\u00e9 Ot\u00e1vio Germano\u00a0</td>\r\n</tr>\r\n<tr>\r\n<td>26</td>\r\n<td>2</td>\r\n<td>18.04.97</td>\r\n<td>Ramiro Benno Bartz</td>\r\n</tr>\r\n<tr>\r\n<td>27</td>\r\n<td>5</td>\r\n<td>16.09.97</td>\r\n<td>Magno Soares da Costa</td>\r\n</tr>\r\n<tr>\r\n<td>28</td>\r\n<td>7</td>\r\n<td>03.12.97\u00a0</td>\r\n<td>Cristiano Graeff J\u00fanior</td>\r\n</tr>\r\n</tbody>\r\n</table>\r\n<p>\u00a0</p>\r\n<h3>Cidad\u00e3o Honor\u00e1rio</h3>\r\n<p><em><span class=\"discreet\">Lei N\u00ba 1736.06-05-77: Regula Concess\u00e3o de T\u00edtulos</span></em></p>\r\n<table class=\"plain\">\r\n<tbody>\r\n<tr><th>N\u00ba</th><th>N\u00famero da Lei</th><th>Data</th><th>Agraciado</th></tr>\r\n<tr>\r\n<td>1</td>\r\n<td>10</td>\r\n<td>30.06.48</td>\r\n<td>Miguel Iponema</td>\r\n</tr>\r\n<tr>\r\n<td>2</td>\r\n<td>1257</td>\r\n<td>01.09.67</td>\r\n<td>Pe. Luis Ign\u00e1cio Herthl</td>\r\n</tr>\r\n<tr>\r\n<td>3</td>\r\n<td>1258\u00a0</td>\r\n<td>01.09.67\u00a0</td>\r\n<td>Cel. Lauro da Cunha Campos\u00a0</td>\r\n</tr>\r\n<tr>\r\n<td>4</td>\r\n<td>1282\u00a0</td>\r\n<td>01.12.67\u00a0</td>\r\n<td>Prof\u00aa Ondina Alves\u00a0</td>\r\n</tr>\r\n<tr>\r\n<td>5</td>\r\n<td>1312\u00a0</td>\r\n<td>21.08.68\u00a0</td>\r\n<td>Prof\u00aa Nilda Vianna Tarter</td>\r\n</tr>\r\n<tr>\r\n<td>6</td>\r\n<td>1345\u00a0</td>\r\n<td>22.11.68\u00a0</td>\r\n<td>Theobaldo Carlos Burmeister\u00a0</td>\r\n</tr>\r\n<tr>\r\n<td>7</td>\r\n<td>1380\u00a0</td>\r\n<td>22.11.69\u00a0</td>\r\n<td>Dr. Tarso Dutra\u00a0</td>\r\n</tr>\r\n<tr>\r\n<td>8</td>\r\n<td>1462</td>\r\n<td>23.12.70\u00a0</td>\r\n<td>Artibano Savi\u00a0</td>\r\n</tr>\r\n<tr>\r\n<td>9</td>\r\n<td>1475\u00a0</td>\r\n<td>07.06.71</td>\r\n<td>\u00a0Prof. Pedro Afonso Gregory\u00a0</td>\r\n</tr>\r\n<tr>\r\n<td>10</td>\r\n<td>1492</td>\r\n<td>02.09.71</td>\r\n<td>\u00a0Dr. Oly Erico da Costa Fachin\u00a0</td>\r\n</tr>\r\n<tr>\r\n<td>11</td>\r\n<td>1737\u00a0</td>\r\n<td>06.05.77</td>\r\n<td>Reinaldo Carlos P. Roesch\u00a0</td>\r\n</tr>\r\n<tr>\r\n<td>12</td>\r\n<td>1738\u00a0</td>\r\n<td>06.05.77</td>\r\n<td>Cezar Socias Schenckel</td>\r\n</tr>\r\n<tr>\r\n<td>13</td>\r\n<td>1986\u00a0</td>\r\n<td>18.11.83\u00a0</td>\r\n<td>Jos\u00e9 Schneider Silva\u00a0</td>\r\n</tr>\r\n<tr>\r\n<td>14</td>\r\n<td>1997\u00a0</td>\r\n<td>02.12.83\u00a0</td>\r\n<td>Manoel Faustino C. de Abreu\u00a0</td>\r\n</tr>\r\n<tr>\r\n<td>15</td>\r\n<td>2141\u00a0</td>\r\n<td>27.04.87\u00a0</td>\r\n<td>Omar Adanilo Bergmann\u00a0</td>\r\n</tr>\r\n<tr>\r\n<td>16</td>\r\n<td>2158\u00a0</td>\r\n<td>30.09.87</td>\r\n<td>Herm\u00ednia Clara S. Muller</td>\r\n</tr>\r\n<tr>\r\n<td>17</td>\r\n<td>2396</td>\r\n<td>17.10.90</td>\r\n<td>Arno Reinoldo Lermen</td>\r\n</tr>\r\n<tr>\r\n<td>18</td>\r\n<td>01/1994\u00a0</td>\r\n<td>1994</td>\r\n<td>Mons. Orestes Paulo Trevisan</td>\r\n</tr>\r\n<tr>\r\n<td>19</td>\r\n<td>04/1996\u00a0</td>\r\n<td>25.11.96\u00a0</td>\r\n<td>Marisa Timm Sari</td>\r\n</tr>\r\n<tr>\r\n<td>20</td>\r\n<td>05/1996\u00a0</td>\r\n<td>25.11.96\u00a0</td>\r\n<td>Vera Beatriz M. Freitas\u00a0 \u00a0</td>\r\n</tr>\r\n<tr>\r\n<td>21</td>\r\n<td>05/1996</td>\r\n<td>\u00a018.11.98\u00a0</td>\r\n<td>Jacy Oliveira da Rosa</td>\r\n</tr>\r\n<tr>\r\n<td>22</td>\r\n<td>07/1998\u00a0</td>\r\n<td>07.12.98\u00a0</td>\r\n<td>Jos\u00e9 luiz Bicalho\u00a0</td>\r\n</tr>\r\n<tr>\r\n<td>23</td>\r\n<td>01/1999\u00a0</td>\r\n<td>13.09.99</td>\r\n<td>\u00a0Ir. Rov\u00edlio Moro\u00a0</td>\r\n</tr>\r\n<tr>\r\n<td>24</td>\r\n<td>02/1999\u00a0</td>\r\n<td>13.09.99\u00a0</td>\r\n<td>Isabel Ramos da Silva\u00a0</td>\r\n</tr>\r\n<tr>\r\n<td>25</td>\r\n<td>04/1999\u00a0</td>\r\n<td>19.10.99\u00a0</td>\r\n<td>Sr. Jos\u00e9 Eug\u00eanio Farina</td>\r\n</tr>\r\n<tr>\r\n<td>26</td>\r\n<td>05/1999</td>\r\n<td>\u00a023.11.99</td>\r\n<td>Ivan Duarte Tavares</td>\r\n</tr>\r\n<tr>\r\n<td>27</td>\r\n<td>06/1999\u00a0</td>\r\n<td>10.12.99\u00a0</td>\r\n<td>\u00a0L\u00facia P\u00eagas de Lima</td>\r\n</tr>\r\n<tr>\r\n<td>28</td>\r\n<td>\u00a0001/2000\u00a0</td>\r\n<td>23.06.00\u00a0</td>\r\n<td>\u00a0Victor Razzera</td>\r\n</tr>\r\n<tr>\r\n<td>29</td>\r\n<td>\u00a0002/2000\u00a0</td>\r\n<td>21.07.00</td>\r\n<td>Armando Fialho Fagundes</td>\r\n</tr>\r\n<tr>\r\n<td>30</td>\r\n<td>\u00a0003/2000\u00a0</td>\r\n<td>11.08.00\u00a0</td>\r\n<td>\u00a0Pastor Osmar Juvenal da Silva</td>\r\n</tr>\r\n<tr>\r\n<td>31</td>\r\n<td>\u00a0004/2000\u00a0\u00a0</td>\r\n<td>14.12.00</td>\r\n<td>Clotildes Sarturi Moscarelli</td>\r\n</tr>\r\n<tr>\r\n<td>32</td>\r\n<td>\u00a0005/2000\u00a0</td>\r\n<td>21.12.00\u00a0</td>\r\n<td>Luiz Carlos Arbelo</td>\r\n</tr>\r\n<tr>\r\n<td>33</td>\r\n<td>006/2000</td>\r\n<td>\u00a021.12.00\u00a0</td>\r\n<td>Mons. Breno Simonetti\u00a0</td>\r\n</tr>\r\n<tr>\r\n<td>34</td>\r\n<td>007/2000\u00a0</td>\r\n<td>21.12.00\u00a0</td>\r\n<td>Dom. \u00c2ngelo Domingos Salvador\u00a0</td>\r\n</tr>\r\n<tr>\r\n<td>35</td>\r\n<td>003/2002\u00a0</td>\r\n<td>25.10.02\u00a0</td>\r\n<td>Cl\u00e9o Guilherme Steffen\u00a0</td>\r\n</tr>\r\n<tr>\r\n<td>36</td>\r\n<td>004/2002</td>\r\n<td>\u00a025.10.02\u00a0</td>\r\n<td>Gerce\u00ed Carlos Rodrigues da Silveira\u00a0</td>\r\n</tr>\r\n<tr>\r\n<td>37</td>\r\n<td>005/2002</td>\r\n<td>\u00a014.11.02\u00a0</td>\r\n<td>Jo\u00e3o Carlos Alves M\u00f3r\u00a0</td>\r\n</tr>\r\n<tr>\r\n<td>38</td>\r\n<td>006/2002\u00a0</td>\r\n<td>14.11.02\u00a0</td>\r\n<td>Oscar Machado Schroeder\u00a0</td>\r\n</tr>\r\n<tr>\r\n<td>39</td>\r\n<td>003/2003\u00a0</td>\r\n<td>21.11.03\u00a0</td>\r\n<td>\r\n<p>\u00a0\u00a0Kurt Benno Eckert</p>\r\n</td>\r\n</tr>\r\n<tr>\r\n<td>40</td>\r\n<td>001/2004\u00a0</td>\r\n<td></td>\r\n<td>Em\u00edlia Fernandez\u00a0</td>\r\n</tr>\r\n<tr>\r\n<td>41</td>\r\n<td>002/2004</td>\r\n<td></td>\r\n<td>\u00a0Mons. Elcy Arboitte\u00a0</td>\r\n</tr>\r\n<tr>\r\n<td>42</td>\r\n<td>003/2004\u00a0</td>\r\n<td>27.07.04\u00a0</td>\r\n<td>L\u00e9o Holweg\u00a0</td>\r\n</tr>\r\n<tr>\r\n<td>43</td>\r\n<td>004/2004\u00a0</td>\r\n<td>11.08.04\u00a0</td>\r\n<td>Nair Bonugli\u00a0</td>\r\n</tr>\r\n<tr>\r\n<td>44</td>\r\n<td>005/2004\u00a0</td>\r\n<td>18.08.04\u00a0</td>\r\n<td>Marly Elisa Caspary\u00a0</td>\r\n</tr>\r\n<tr>\r\n<td>45</td>\r\n<td>006/2004\u00a0</td>\r\n<td>27.09.07\u00a0</td>\r\n<td>Manoel dos Santos Martins</td>\r\n</tr>\r\n<tr>\r\n<td>46</td>\r\n<td>007/2004\u00a0</td>\r\n<td>06.12.04\u00a0</td>\r\n<td>Eunice Rotta Bergesch\u00a0</td>\r\n</tr>\r\n<tr>\r\n<td>47</td>\r\n<td>004/2005\u00a0</td>\r\n<td>14.11.05</td>\r\n<td>\u00a0Ivan Ramon Chemeris\u00a0</td>\r\n</tr>\r\n<tr>\r\n<td>48</td>\r\n<td>006/2005</td>\r\n<td>\u00a025.11.05</td>\r\n<td>\u00a0Francisco Avelar Bastos\u00a0\u00a0</td>\r\n</tr>\r\n<tr>\r\n<td>49</td>\r\n<td>002/2006</td>\r\n<td>\u00a004.09.06\u00a0</td>\r\n<td>Jos\u00e9 Samuel de Souza Barbosa</td>\r\n</tr>\r\n<tr>\r\n<td>50</td>\r\n<td>003/2006\u00a0\u00a0</td>\r\n<td>16.11.06\u00a0</td>\r\n<td>Jo\u00e3o Ricardo Santos Tavares\u00a0</td>\r\n</tr>\r\n<tr>\r\n<td>51</td>\r\n<td>003/2007\u00a0</td>\r\n<td>27.06.07</td>\r\n<td>\u00a0Ad\u00e3o Steindorff</td>\r\n</tr>\r\n<tr>\r\n<td>52</td>\r\n<td>005/2007\u00a0</td>\r\n<td>09.07.07\u00a0</td>\r\n<td>Ervandil dos Santos Martins\u00a0</td>\r\n</tr>\r\n<tr>\r\n<td>53</td>\r\n<td>008/2007\u00a0</td>\r\n<td>03.09.07\u00a0</td>\r\n<td>Fl\u00e1vio Roberto Sabbadini\u00a0</td>\r\n</tr>\r\n<tr>\r\n<td>54</td>\r\n<td>010/2007\u00a0</td>\r\n<td>22.11.07\u00a0</td>\r\n<td>Jo\u00e3o Bosco Dihl\u00a0</td>\r\n</tr>\r\n<tr>\r\n<td>55</td>\r\n<td>001/2008</td>\r\n<td>27.03.08\u00a0</td>\r\n<td>Nelson Augusto Steffens\u00a0</td>\r\n</tr>\r\n<tr>\r\n<td>56</td>\r\n<td>002/2008\u00a0</td>\r\n<td>08.05.08\u00a0</td>\r\n<td>Rog\u00e9rio Alfredo Hamester\u00a0</td>\r\n</tr>\r\n<tr>\r\n<td>57</td>\r\n<td>003/2008\u00a0</td>\r\n<td>19.05.08</td>\r\n<td>\u00a0Franco Stringari Pudler\u00a0</td>\r\n</tr>\r\n<tr>\r\n<td>58</td>\r\n<td>005/2008\u00a0</td>\r\n<td>11.06.08\u00a0</td>\r\n<td>Alberto Vitor Costa\u00a0</td>\r\n</tr>\r\n<tr>\r\n<td>59</td>\r\n<td>006/2008</td>\r\n<td>11.06.08\u00a0</td>\r\n<td>Vitalino de Deus Vieira</td>\r\n</tr>\r\n<tr>\r\n<td>60</td>\r\n<td>010/2008</td>\r\n<td>11.06.08</td>\r\n<td>Vera L\u00facia\u00a0Tittelmaier Balardin\u00a0</td>\r\n</tr>\r\n<tr>\r\n<td>61</td>\r\n<td>011/2008</td>\r\n<td>11.06.08</td>\r\n<td>Delcio Pauli Balardin</td>\r\n</tr>\r\n<tr>\r\n<td>62</td>\r\n<td>012/2008\u00a0</td>\r\n<td>11.06.08</td>\r\n<td>\u00a0Luiz Acyoli Machado Martins</td>\r\n</tr>\r\n<tr>\r\n<td>63</td>\r\n<td>\u00a0013/2008</td>\r\n<td>11.06.08</td>\r\n<td>Clari Maria Brum Lima</td>\r\n</tr>\r\n<tr>\r\n<td>64</td>\r\n<td>014/2008</td>\r\n<td>11.06.08</td>\r\n<td>S\u00e9rgio da Silva Almeida</td>\r\n</tr>\r\n<tr>\r\n<td>65</td>\r\n<td>\u00a0004/2010</td>\r\n<td>31.08.10</td>\r\n<td>Ruben Otto Prass</td>\r\n</tr>\r\n<tr>\r\n<td>66</td>\r\n<td>\u00a0005/2010</td>\r\n<td>31.08.10</td>\r\n<td>Darcy H\u00e9lio Sari</td>\r\n</tr>\r\n<tr>\r\n<td>67</td>\r\n<td>001/2011</td>\r\n<td>03.08.11</td>\r\n<td>Acemar Dorneles de Freitas</td>\r\n</tr>\r\n<tr>\r\n<td>68</td>\r\n<td>002/2011</td>\r\n<td>04.11.11</td>\r\n<td>\u00a0Luiz Renato S. Machado\u00a0</td>\r\n</tr>\r\n<tr>\r\n<td>69</td>\r\n<td>003/2011</td>\r\n<td>04.11.11\u00a0</td>\r\n<td>Vanderlei Rauber</td>\r\n</tr>\r\n<tr>\r\n<td>70</td>\r\n<td>007/2011</td>\r\n<td>20.12.11</td>\r\n<td>\u00a0Irineu Silvio Wilges</td>\r\n</tr>\r\n<tr>\r\n<td>71</td>\r\n<td>001/2012</td>\r\n<td>27.09.12</td>\r\n<td>Amilto luiz Dalcin</td>\r\n</tr>\r\n<tr>\r\n<td>72</td>\r\n<td>002/2012</td>\r\n<td>07.09.12</td>\r\n<td>Luiz Machado Fagundes</td>\r\n</tr>\r\n<tr>\r\n<td>73</td>\r\n<td>001/2013\u00a0</td>\r\n<td>23.09.13</td>\r\n<td>\u00a0Dileta de Lourdes Xavier\u00a0</td>\r\n</tr>\r\n<tr>\r\n<td>74</td>\r\n<td>002/2013</td>\r\n<td>23.09.13</td>\r\n<td>Airton Ortiz\u00a0</td>\r\n</tr>\r\n<tr>\r\n<td>75</td>\r\n<td>003/2014\u00a0</td>\r\n<td>26.09.14</td>\r\n<td>\u00a0Jacir Jos\u00e9 Somavilla</td>\r\n</tr>\r\n<tr>\r\n<td>76</td>\r\n<td>002/2015</td>\r\n<td>24.06.15</td>\r\n<td>Jos\u00e9 Alberto Schuch</td>\r\n</tr>\r\n<tr>\r\n<td>77</td>\r\n<td>003/2015</td>\r\n<td>24.06.15</td>\r\n<td>Wilson Couto</td>\r\n</tr>\r\n<tr>\r\n<td>78</td>\r\n<td>002/2016</td>\r\n<td>26.04.16</td>\r\n<td>Hugo Menegotto Pandolfo</td>\r\n</tr>\r\n<tr>\r\n<td>79</td>\r\n<td>003/2016</td>\r\n<td>26.04.16\u00a0</td>\r\n<td>\u00a0Gilmar Luiz Colombelli</td>\r\n</tr>\r\n<tr>\r\n<td>80</td>\r\n<td>007/2016</td>\r\n<td>25.10.16\u00a0</td>\r\n<td>Alex da Rosa Nascente</td>\r\n</tr>\r\n<tr>\r\n<td>81</td>\r\n<td>008/2016</td>\r\n<td>26.10.16</td>\r\n<td>Jo\u00e3o Augusto Streit\u00a0</td>\r\n</tr>\r\n<tr>\r\n<td>82</td>\r\n<td>010/2016</td>\r\n<td>29.12.16</td>\r\n<td>Alexandre Eduardo Schmachtenberg</td>\r\n</tr>\r\n<tr>\r\n<td>83</td>\r\n<td>001/2017</td>\r\n<td>26.10.17</td>\r\n<td>Guilherme Stagi Hossmann</td>\r\n</tr>\r\n<tr>\r\n<td>84</td>\r\n<td>003/2017</td>\r\n<td>26.10.17</td>\r\n<td>F\u00e1bio Renato da Silva\u00a0</td>\r\n</tr>\r\n<tr>\r\n<td>85</td>\r\n<td>001/2018</td>\r\n<td>04.09.18</td>\r\n<td>Giani Pohlmann\u00a0Saad</td>\r\n</tr>\r\n<tr>\r\n<td>86</td>\r\n<td>003/2018</td>\r\n<td>04.09.18</td>\r\n<td>\u00a0Reivin Horbach</td>\r\n</tr>\r\n<tr>\r\n<td>87</td>\r\n<td>004/2018</td>\r\n<td>06.11.17</td>\r\n<td>\u00a0Cl\u00e1udio S\u00e9rgio Engel</td>\r\n</tr>\r\n<tr>\r\n<td>88</td>\r\n<td>004/2018</td>\r\n<td>30.10.18</td>\r\n<td>Livio Sandro Valen\u00e7a de Souza</td>\r\n</tr>\r\n</tbody>\r\n</table>\r\n<p>\u00a0</p>", "author_name": "", "version": "1.0", "author_url": "https://www.cachoeiradosul.rs.leg.br/author/Victor", "provider_name": "C\u00e2mara de Vereadores de Cachoeira do Sul", "type": "rich"}